[{"@context":"https:\/\/schema.org\/","@type":"Article","@id":"https:\/\/www.weinera.cz\/proc-nevyrazit-do-sveta\/#Article","mainEntityOfPage":"https:\/\/www.weinera.cz\/proc-nevyrazit-do-sveta\/","headline":"Pro\u010d nevyrazit do sv\u011bta?","name":"Pro\u010d nevyrazit do sv\u011bta?","description":"Do sv\u011bta se u n\u00e1s vyr\u00e1\u017eelo u\u017e d\u00e1vno. A za t\u00edm, \u017ee se na tom na\u0161inc\u016fm zd\u00e1 tu a tam n\u011bco divn\u00e9ho, stoj\u00ed pouze minul\u00fd [&hellip;]","datePublished":"2018-12-26","dateModified":"2023-05-07","author":{"@type":"Person","@id":"https:\/\/www.weinera.cz\/author\/#Person","name":"","url":"https:\/\/www.weinera.cz\/author\/","identifier":1,"image":{"@type":"ImageObject","@id":"https:\/\/secure.gravatar.com\/avatar\/3c4e99fa9a9806cd5e8fd7cac6ca73ff5bbf5f3ee309e1745415eebd31482909?s=96&d=mm&r=g","url":"https:\/\/secure.gravatar.com\/avatar\/3c4e99fa9a9806cd5e8fd7cac6ca73ff5bbf5f3ee309e1745415eebd31482909?s=96&d=mm&r=g","height":96,"width":96}},"publisher":{"@type":"Organization","name":"weinera.cz","logo":{"@type":"ImageObject","@id":"\/logo.png","url":"\/logo.png","width":600,"height":60}},"image":{"@type":"ImageObject","@id":"https:\/\/www.weinera.cz\/wp-content\/uploads\/img_a338511_w2938_t1551192338.jpg","url":"https:\/\/www.weinera.cz\/wp-content\/uploads\/img_a338511_w2938_t1551192338.jpg","height":0,"width":0},"url":"https:\/\/www.weinera.cz\/proc-nevyrazit-do-sveta\/","about":["Lifestyle"],"wordCount":572,"articleBody":"\tDo sv\u011bta se u n\u00e1s vyr\u00e1\u017eelo u\u017e d\u00e1vno. A za t\u00edm, \u017ee se na tom na\u0161inc\u016fm zd\u00e1 tu a tam n\u011bco divn\u00e9ho, stoj\u00ed pouze minul\u00fd re\u017eim, kter\u00fd nechal na\u0161i zemi obehnat ostnat\u00fdm dr\u00e1tem \u017eelezn\u00e9 opony, \u010d\u00edm\u017e toto po\u010d\u00edn\u00e1n\u00ed znemo\u017enil. Proto\u017ee nam\u00edsto toho, aby se chodilo na zku\u0161enou, tedy vlastn\u011b dne\u0161n\u00edmi slovy migrovalo za prac\u00ed a vzd\u011bl\u00e1n\u00edm, razil onen re\u017eim my\u0161lenku pl\u00e1novit\u00e9ho hospod\u00e1\u0159stv\u00ed, v n\u011bm\u017e m\u011bli lid\u00e9 celo\u017eivotn\u011b setrv\u00e1vat na jednom jedin\u00e9m m\u00edst\u011b a na tom pracovat na nejednou st\u00e1le stejn\u00e9m postu od skon\u010den\u00ed \u0161koly a\u017e do odchodu na takzvan\u011b zaslou\u017een\u00fd odpo\u010dinek.\t\tTento re\u017eim je u\u017e v\u0161ak d\u00e1vno minulost\u00ed a jak l\u00e9ta b\u011b\u017e\u00ed, ub\u00fdv\u00e1 i t\u011bch, kdo v n\u011bm vyrostli. A p\u0159ib\u00fdv\u00e1 naopak mlad\u0161\u00edch ro\u010dn\u00edk\u016f, pro kter\u00e9 nejsou ni\u010d\u00edm neobvykl\u00fdm, nenorm\u00e1ln\u00edm, ne-li p\u0159\u00edmo zavr\u017een\u00edhodn\u00fdm.\tProto\u017ee pro\u010d by jeden nevyrazil do sv\u011bta, \u017ee? Je-li mu d\u00e1na mo\u017enost do takov\u00e9 ciziny leg\u00e1ln\u011b odej\u00edt a tak\u00e9 se z t\u00e9to kdykoliv zase leg\u00e1ln\u011b a beztrestn\u011b vr\u00e1tit, co\u017e bylo po v\u00edce ne\u017e \u010dty\u0159i desetilet\u00ed n\u011b\u010d\u00edm nemysliteln\u00fdm.\tKdekdo, zejm\u00e9na mlad\u00ed lid\u00e9, tak dnes m\u016f\u017ee chytit p\u0159\u00edle\u017eitost za pa\u010desy, sebrat se a vyrazit do sv\u011bta. Tu na studia, tu t\u0159eba i za prac\u00ed. Na \u010dem\u017e je vlastn\u011b pot\u011b\u0161uj\u00edc\u00ed to, jakou zm\u011bnu lze v tomto ohledu zaregistrovat. Proto\u017ee kdy\u017e jsme se my v devades\u00e1t\u00fdch letech pokou\u0161eli n\u011bkde v cizin\u011b uchytit, byli jsme vesm\u011bs nanejv\u00fd\u0161 mizern\u011b placen\u00fdmi n\u00e1den\u00edky. Vykon\u00e1vali jsme vesm\u011bs nanejv\u00fd\u0161 pr\u00e1ce, je\u017e nikdo v bohat\u0161\u00edch zem\u00edch vykon\u00e1vat necht\u011bl, za pen\u00edze, je\u017e by tam \u010dasto nikomu nest\u00e1ly za to, aby zvednul sv\u00e9 pozad\u00ed ze \u017eidle a zapojil se. A to prost\u011b proto, \u017ee n\u00e1m ty pen\u00edze jak v\u00fd\u0161\u00ed, tak svou tvrdost\u00ed, za to st\u00e1ly.\t\tZat\u00edmco dnes u\u017e na\u0161i lid\u00e9 p\u0159est\u00e1vaj\u00ed b\u00fdt onou lacinou nekvalifikovanou pracovn\u00ed silou. Za\u010d\u00ednaj\u00ed m\u00edt i na onom ciz\u00edm trhu pr\u00e1ce svoji \u00farove\u0148, svou presti\u017e, sv\u00e9 n\u00e1roky. A\u0165 u\u017e se jedn\u00e1 o dejme tomu po\u010d\u00edta\u010dov\u00e9 grafiky, zam\u011bstnance v oblasti zdravotnictv\u00ed a soci\u00e1ln\u00ed p\u00e9\u010de, gastronomie, architektury \u010di nedostatkov\u00e9 aj\u0165\u00e1ky.\tA t\u011bch mlad\u00fdch, kte\u0159\u00ed od n\u00e1s odch\u00e1zej\u00ed &sbquo;na zku\u0161enou&lsquo;, je &ndash; zd\u00e1 se &ndash; po\u0159\u00e1d v\u00edc a v\u00edc. Proto\u017ee v cizin\u011b mohou z\u00edskat pracovn\u00ed zku\u0161enosti, mohou vylep\u0161it sv\u00e9 jazykov\u00e9 znalosti, poznat jinou zemi s jin\u00fdmi lidmi a jinou kulturou, mohou se lec\u010demu p\u0159iu\u010dit a otrkat se. A &ndash; pro\u010d si to nep\u0159iznat &ndash; \u010dasto si tam mohou p\u0159ij\u00edt i na slu\u0161n\u00e9 pen\u00edze.\tTak\u017ee rozhodn\u011b nen\u00ed \u017e\u00e1douc\u00ed pran\u00fd\u0159ovat ty, kdo se do sv\u011bta vyd\u00e1vaj\u00ed. Nen\u00ed t\u0159eba ty mlad\u00e9 zavrhovat. Pr\u00e1v\u011b naopak. M\u011bli bychom se k nim chovat tak, aby byli v\u016fbec ochotni se k n\u00e1m jednou vr\u00e1tit. Abychom z jejich umu tak\u00e9 n\u011bco m\u011bli.                                                                                                                                                                                                                                                                                                                                                                                        4.4\/5 - (5 votes)        "},{"@context":"https:\/\/schema.org\/","@type":"BreadcrumbList","itemListElement":[{"@type":"ListItem","position":1,"name":"Pro\u010d nevyrazit do sv\u011bta?","item":"https:\/\/www.weinera.cz\/proc-nevyrazit-do-sveta\/#breadcrumbitem"}]}]