[{"@context":"https:\/\/schema.org\/","@type":"Article","@id":"https:\/\/www.weinera.cz\/existuji-i-pronajmy-stanu\/#Article","mainEntityOfPage":"https:\/\/www.weinera.cz\/existuji-i-pronajmy-stanu\/","headline":"Existuj\u00ed i pron\u00e1jmy stan\u016f","name":"Existuj\u00ed i pron\u00e1jmy stan\u016f","description":"Moc se mi l\u00edb\u00ed, \u017ee jsou r\u016fzn\u00e9 firmy, kter\u00e9 v\u00e1m n\u011bco p\u016fj\u010d\u00ed. Co\u017e znamen\u00e1, \u017ee si nemus\u00edte v\u016fbec nic kupovat. A to hlavn\u011b ve v\u011bt\u0161in\u011b [&hellip;]","datePublished":"2025-12-18","dateModified":"2025-12-18","author":{"@type":"Person","@id":"https:\/\/www.weinera.cz\/author\/#Person","name":"","url":"https:\/\/www.weinera.cz\/author\/","identifier":1,"image":{"@type":"ImageObject","@id":"https:\/\/secure.gravatar.com\/avatar\/3c4e99fa9a9806cd5e8fd7cac6ca73ff5bbf5f3ee309e1745415eebd31482909?s=96&d=mm&r=g","url":"https:\/\/secure.gravatar.com\/avatar\/3c4e99fa9a9806cd5e8fd7cac6ca73ff5bbf5f3ee309e1745415eebd31482909?s=96&d=mm&r=g","height":96,"width":96}},"publisher":{"@type":"Organization","name":"weinera.cz","logo":{"@type":"ImageObject","@id":"\/logo.png","url":"\/logo.png","width":600,"height":60}},"image":{"@type":"ImageObject","@id":"https:\/\/www.weinera.cz\/wp-content\/uploads\/circus-2705503_640.jpg","url":"https:\/\/www.weinera.cz\/wp-content\/uploads\/circus-2705503_640.jpg","height":0,"width":0},"url":"https:\/\/www.weinera.cz\/existuji-i-pronajmy-stanu\/","about":["Podnik\u00e1n\u00ed"],"wordCount":437,"articleBody":"       Moc se mi l\u00edb\u00ed, \u017ee jsou r\u016fzn\u00e9 firmy, kter\u00e9 v\u00e1m n\u011bco p\u016fj\u010d\u00ed. Co\u017e znamen\u00e1, \u017ee si nemus\u00edte v\u016fbec nic kupovat. A to hlavn\u011b ve v\u011bt\u0161in\u011b p\u0159\u00edpad\u016f, kdy\u017e t\u0159eba chcete m\u00edt jenom n\u011bco p\u016fj\u010den\u00e9ho. Nebo tu bude pod t\u00e9 pot\u0159ebovat jenom jednou nebo dvakr\u00e1t nebo v\u00edcekr\u00e1t, ale jednodu\u0161e t\u0159eba na to nem\u00e1te m\u00edsto. A t\u00edm m\u00e1m na mysli t\u0159eba le\u0161en\u00ed. Je logick\u00e9, \u017ee t\u0159eba le\u0161en\u00ed nebude m\u00edt ka\u017ed\u00fd druh\u00fd \u010dlov\u011bk doma. Pokud ale chyst\u00e1te n\u011bjakou p\u00e1rty na zahrad\u011b nebo n\u011bkde jinde, kde je prostranstv\u00ed, tak nejlep\u0161\u00ed bude, pokud si tak\u00e9 se\u017eenete n\u011bjakou p\u016fj\u010dovnu, kde se t\u0159eba p\u016fj\u010duj\u00ed stany a tak podobn\u011b. J\u00e1 zn\u00e1m n\u011bkolik firem, kde p\u016fj\u010duji stany.Samoz\u0159ejm\u011b, \u017ee si tak\u00e9 m\u016f\u017eete koupit, ale pokud bydl\u00edte v byt\u011b, tak p\u0159edpokl\u00e1d\u00e1m, \u017ee asi nebudete m\u00edt tolik m\u00edsta, abyste potom n\u011bkde ty stany skladovali. Proto je nejlep\u0161\u00ed, pokud se\u017eenete firmu, kde si m\u016f\u017eete vyp\u016fj\u010dit stan. A je opravdu hodn\u011b firem, kter\u00e9 jsou opravdu vyhl\u00e1\u0161en\u00e9 a kvalitn\u00ed a maj\u00ed opravdu \u0161pi\u010dkov\u00e9 stany. Tak\u017ee se nemus\u00edte b\u00e1t, \u017ee kdybyste m\u011bli jenom n\u011bjakou oslavu nebo p\u00e1rty a za\u010dalo by pr\u0161et, \u017ee byste museli v\u0161ichni ut\u00edkat dom\u016f. \u017de byste kv\u016fli de\u0161ti nebo t\u0159eba siln\u00e9mu sn\u011bhu a nebo siln\u00e9mu slunci museli ru\u0161it n\u011bjakou p\u00e1rty nebo oslavu? Jednozna\u010dn\u011b postav\u00edte stan.A stany jsou opravdu v r\u016fzn\u00e9 velikosti, jsou opravdu mal\u00e9, st\u0159edn\u00ed a nebo \u00fapln\u011b obrovsk\u00e9 stany, kde se vejde t\u0159eba patn\u00e1ct lid\u00ed. To u\u017e z\u00e1le\u017e\u00ed jenom na v\u00e1s, jak velik\u00fd stan pot\u0159ebujete nebo na co tuto p\u00e1rty m\u00e1te. Vlastn\u011b pod tento stan se nemus\u00ed schov\u00e1vat jenom lid\u00e9, ale m\u016f\u017eete tam d\u00e1t i n\u011bjak\u00e9 stoly s potravinami a tak podobn\u011b, aby t\u0159eba na to nesv\u00edtilo slunko nebo aby na to nel\u00e9tal hmyz. I to je velice nep\u0159\u00edjemn\u00e9. Cena za pron\u00e1jem p\u00e1rty stanu je r\u016fzn\u00e1 a vy si takhle m\u016f\u017eete vybrat z r\u016fzn\u00fdch cen. Cena za pron\u00e1jem party stan\u016f je r\u016fzn\u00e1 a tak\u00e9 hlavn\u011b z\u00e1le\u017e\u00ed na tom, jak je ten stan velik\u00fd. Logicky za men\u0161\u00ed stan zaplat\u00edte m\u00e9n\u011b ne\u017e za velk\u00fd stan, kter\u00fd si pronajmete.                                                                                                                                                                                                                                                                                                                                                                                                   "},{"@context":"https:\/\/schema.org\/","@type":"BreadcrumbList","itemListElement":[{"@type":"ListItem","position":1,"name":"Existuj\u00ed i pron\u00e1jmy stan\u016f","item":"https:\/\/www.weinera.cz\/existuji-i-pronajmy-stanu\/#breadcrumbitem"}]}]